{"id":1613,"date":"2026-05-02T15:18:24","date_gmt":"2026-05-02T05:18:24","guid":{"rendered":"https:\/\/glasslovenije.com.au\/wp\/?p=1613"},"modified":"2026-05-02T15:18:26","modified_gmt":"2026-05-02T05:18:26","slug":"oznanila-3-maj-2026-2","status":"publish","type":"post","link":"https:\/\/glasslovenije.com.au\/wp\/oznanila-3-maj-2026-2\/","title":{"rendered":"Oznanila 3. maj 2026"},"content":{"rendered":"\n<h3 class=\"wp-block-heading has-accent-1-color has-text-color has-link-color has-medium-font-size wp-elements-880f35893e56c2b79d30fe3a406276e5\"><strong><strong><strong>5. VELIKONO\u010cNA NEDELJA<\/strong><\/strong><\/strong><\/h3>\n\n\n\n<p class=\"has-accent-1-color has-text-color has-link-color has-medium-font-size wp-elements-56bbea868cbceacbbaf65508a80e91e6\"><strong>MA\u0160NI NAMENI:<\/strong><\/p>\n\n\n\n<p class=\"has-medium-font-size\"><strong>KEW ob 10. uri: <\/strong>za + p. BAZILIJA, + sestre ter \u017eive in + \u010dlanice DSE (Dru\u0161tvo sv. Eme);\u00a0SPOMINI: za mir v svetu, \u0161e posebno na Bli\u017enjem vzhodu in v Ukrajini (Nicholas J. Sorenson);\u00a0za + o\u010deta JO\u017dETA SLAVCA, 28. obl. (sin Aleksander z dru\u017eino); za vse + brate in sestre ULJAN\u010cI\u010c (Sre\u010dko in sestra Majda Bro\u017ei\u010d z dru\u017eino); za + mo\u017ea STANA DEBELAKA ob rojstnem dnevu (\u017eena Marija z dru\u017eino); v pripro\u0161njo za zdravje LOJZETA in ANICE MARKI\u010c ter v zahvalo za njuno gostoljubje (Jure\u00a0in Sara); za + mo\u017ea FRANKA PROSENIKA (\u017eena Angelca z dru\u017eino); za + mamo MARIJO GABRIELLO PREZELJ (sin Nicholas J. Sorenson); za + mamo MARIJO MARU\u0160I\u010c, 1. obl. (Chris in h\u010derka Anna\u00a0Marson z dru\u017eino); za + mamo VERO, 4. obl. in + babico ANICO, 4. obl. \u0160KRABA ter za + FRANKA, 11. obl. in ROZO KUHAR (h\u010derka in vnukinja Andreja \u0160kraba s sinom Lukom); v pripro\u0161njo Mariji Pomagaj (Nicholas J. Sorenson); za + MARTINO JARC (Viktor\u00a0in Ana Berlec z dru\u017eino); v pripro\u0161njo Materi Bo\u017eji (Jo\u017ee in Angelca Veedetz, ma\u0161a bo darovana v petek, 8. 5.).<\/p>\n\n\n\n<hr class=\"wp-block-separator has-alpha-channel-opacity\"\/>\n\n\n\n<div class=\"wp-block-columns is-layout-flex wp-container-core-columns-is-layout-28f84493 wp-block-columns-is-layout-flex\">\n<div class=\"wp-block-column is-vertically-aligned-center is-layout-flow wp-block-column-is-layout-flow\" style=\"flex-basis:85%\">\n<p class=\"has-accent-1-color has-text-color has-link-color has-medium-font-size wp-elements-aa680c238b2f7d1bd81fb8fe7b7ff9f4\"><strong>Prvo berilo:<\/strong> Prvi diakoni, polni Duha in modrosti<\/p>\n\n\n\n<p class=\"has-accent-1-color has-text-color has-link-color has-medium-font-size wp-elements-124ebd09e2763e85b9217ab087d32dd2\"><strong>Odpev:\u00a0<strong><strong>TVOJA DOBROTA, GOSPOD, NAJ BO NAD NAMI<\/strong><\/strong><\/strong><\/p>\n\n\n\n<p class=\"has-accent-1-color has-text-color has-link-color has-medium-font-size wp-elements-970e1ddb1c200c363ff59ba4efd15aaa\"><strong>Drugo berilo:<\/strong> Mi smo izvoljeni rod, kraljevsko duhovni\u0161tvo<\/p>\n\n\n\n<p class=\"has-accent-1-color has-text-color has-link-color has-medium-font-size wp-elements-ec60df5682cd22392148c9da6f8cd833\"><strong>Evangelij:<\/strong> Kristus je pot, resnica in \u017eivljenje<\/p>\n<\/div>\n\n\n\n<div class=\"wp-block-column is-vertically-aligned-center is-layout-flow wp-block-column-is-layout-flow\" style=\"flex-basis:20%\">\n<figure class=\"wp-block-image size-large\"><img loading=\"lazy\" decoding=\"async\" width=\"629\" height=\"1024\" src=\"https:\/\/glasslovenije.com.au\/wp\/wp-content\/uploads\/2026\/05\/image-629x1024.png\" alt=\"\" class=\"wp-image-1614\" srcset=\"https:\/\/glasslovenije.com.au\/wp\/wp-content\/uploads\/2026\/05\/image-629x1024.png 629w, https:\/\/glasslovenije.com.au\/wp\/wp-content\/uploads\/2026\/05\/image-184x300.png 184w, https:\/\/glasslovenije.com.au\/wp\/wp-content\/uploads\/2026\/05\/image-768x1249.png 768w, https:\/\/glasslovenije.com.au\/wp\/wp-content\/uploads\/2026\/05\/image.png 860w\" sizes=\"auto, (max-width: 629px) 100vw, 629px\" \/><\/figure>\n<\/div>\n<\/div>\n\n\n\n<hr class=\"wp-block-separator has-alpha-channel-opacity\"\/>\n\n\n\n<p class=\"has-text-align-left has-medium-font-size\"><strong>Danes obhajamo materinski dan. <\/strong>Hvala u\u010dencem Slom\u0161kove \u0161ole, ki so v dvorani pripravili program. Zahvala tudi pridnim gospodinjam za dobrote iz doma\u010de kuhinje ter Dru\u0161tvu sv. Eme za njihovo postre\u017ebo.<\/p>\n\n\n\n<hr class=\"wp-block-separator has-alpha-channel-opacity\"\/>\n\n\n\n<p class=\"has-medium-font-size\"><strong>Prihodnja nedelja bo druga v mesecu. <\/strong>V <strong>KEWJU <\/strong>bo sv. ma\u0161a ob 10. uri (am), v <strong>GEELONGU<\/strong> bo ma\u0161a v dvorani Slovenskega dru\u0161tva Ivan Cankar ob 12.30 in v <strong>ST ALBANSU<\/strong> ob 17. uri (5 pm).<\/p>\n\n\n\n<hr class=\"wp-block-separator has-alpha-channel-opacity\"\/>\n\n\n\n<p class=\"has-medium-font-size\"><strong>SPET KLI\u010cE NAS VEN\u010cANI MAJ, K MARIJI V NADZEMELJSKI RAJ. <\/strong>V petek, 1. maja pri\u010dnemo \u00bb\u0161marni\u010dni\u00ab mesec. Vabim Vas, da se v duhu pove\u017eemo pri Marijinem \u0161marni\u010dnem oltar\u010dku, ki si ga lahko sami naredite, postavite (okrasite Marijino podobo, Marijin kipec \u2026). In pred oltar\u010dkom pre\u017eivite dolo\u010den \u010das v molitvi, zapojete kak\u0161no Marijino pesem.<\/p>\n\n\n\n<hr class=\"wp-block-separator has-alpha-channel-opacity\"\/>\n\n\n\n<p class=\"has-medium-font-size\"><strong>MAMA.<\/strong> Le ena beseda, a tako veliko pove. Mama. Ne\u017ene roke, topel objem, pogled ki miri ali pa svari pred neumnostmi. Mama. Oseba, ki nam je dala \u017eivljenje in oseba, za katero so njeni otroci cel svet. In v\u010dasih ne vemo, ali pa kar ne znamo najti pravih besed, kako bi mami povedali vsa na\u0161a \u010dustva, se ji zahvalili za vse dobro, kar je storila za nas ter ji povedali kaj nam pomeni in kako jo imamo radi.<\/p>\n\n\n\n<hr class=\"wp-block-separator has-alpha-channel-opacity\"\/>\n\n\n\n<div class=\"wp-block-columns is-layout-flex wp-container-core-columns-is-layout-28f84493 wp-block-columns-is-layout-flex\">\n<div class=\"wp-block-column is-vertically-aligned-center is-layout-flow wp-block-column-is-layout-flow\" style=\"flex-basis:70%\">\n<p class=\"has-medium-font-size\"><strong>MAMA JE ENA SAMA<\/strong><br>Mama je ena sama, prva radost je mama,<br>prvi spev nina-nana, prva beseda: mama!<br>Dajmo vse ro\u017ee mami, dajmo vsa sonca mami,<br>pesem, ki v nas se drami, dajmo, zapojmo mami:<br>naj ne ostane brez mame nih\u010de na \u0161irnem svetu,<br>naj \u017eive na\u0161e mame, mame \u2013 najlep\u0161e na svetu! <\/p>\n\n\n\n<p class=\"has-text-align-right has-small-font-size\">(T. Pav\u010dek)<\/p>\n<\/div>\n\n\n\n<div class=\"wp-block-column is-layout-flow wp-block-column-is-layout-flow\">\n<figure class=\"wp-block-image size-full\"><img loading=\"lazy\" decoding=\"async\" width=\"935\" height=\"960\" src=\"https:\/\/glasslovenije.com.au\/wp\/wp-content\/uploads\/2026\/05\/image-1.png\" alt=\"\" class=\"wp-image-1615\" srcset=\"https:\/\/glasslovenije.com.au\/wp\/wp-content\/uploads\/2026\/05\/image-1.png 935w, https:\/\/glasslovenije.com.au\/wp\/wp-content\/uploads\/2026\/05\/image-1-292x300.png 292w, https:\/\/glasslovenije.com.au\/wp\/wp-content\/uploads\/2026\/05\/image-1-768x789.png 768w\" sizes=\"auto, (max-width: 935px) 100vw, 935px\" \/><\/figure>\n<\/div>\n<\/div>\n\n\n\n<hr class=\"wp-block-separator has-alpha-channel-opacity\"\/>\n\n\n\n<p class=\"has-medium-font-size\"><strong>BLAGOSLOVLJENE VSE MATERE, <\/strong>ki prina\u0161ate svetu \u017eivljenje, ki rojevate radost sveta, ki rojevate na\u0161e upanje! Blagoslovljene vse matere, ki dajete svoje meso in kri v hrano in pija\u010do \u017eivljenju, ki darujete svojo svobodo za osvobajanje \u017eivljenja iz ni\u010da, ki izpolnjujete obljubo Boga, da nas ne bo zapustil. Blagoslovljene vse matere: ve sodelavke Stvarnika, ve prina\u0161alke bo\u017ei\u010da, ve sveti\u0161\u010da Bo\u017ejega obiskanja, ve naro\u010dja Bo\u017eje milosti, ve uresni\u010devalke Bo\u017ejih poljubov, ve prina\u0161alke \u010dude\u017eev, ve negovalke ljubezni, ve uresni\u010devalke slu\u017eenja, ve u\u010diteljice potrpe\u017eljivosti, ve zvezde na nebu \u010dlove\u0161tva, ve ljubiteljice domovine, ve zmagovalke nad smrtjo.<br>Blagoslovljene vse matere, blagoslovljeni sadovi va\u0161ih teles! <\/p>\n\n\n\n<p class=\"has-text-align-right has-small-font-size\">p. Pavle Jakop<\/p>\n\n\n\n<hr class=\"wp-block-separator has-alpha-channel-opacity\"\/>\n\n\n\n<p class=\"has-accent-4-color has-text-color has-link-color has-medium-font-size wp-elements-e8e5bbc39620f85f87a2c0b6a99e684b\"><strong>ZAZRI SE KDAJ V OBLAKE, t<\/strong>e be\u017ene tvorbe, ki plavajo na nebu. V svoji domi\u0161ljiji lahko v njih ugleda\u0161 skrivnostne po\u0161asti. Opazuj otroka, kako ri\u0161e. Njegova domi\u0161ljija pri\u010dara z barvnimi svin\u010dniki na ko\u0161\u010dek papirja kar ves svet. Poglej star\u010dka, ki bo\u017ea ma\u010dko, zaljubljenca na avtobusnem postajali\u0161\u010du, dojen\u010dka, ki spi v vozi\u010dku. Odkril bo\u0161, da je v vseh stvareh nekaj ve\u010d, kot lahko povr\u0161no vidimo, da je v njih spomin na raj. Vsak dan skriva v sebi \u010duda, vseh sploh ni mogo\u010de na\u0161teti. Veselje nad majhnimi vsakdanjimi \u010dude\u017ei \u2013 to je klju\u010d, da bo\u0161 lahko vsak dan malce sre\u010den. <\/p>\n\n\n\n<p class=\"has-text-align-right has-accent-4-color has-text-color has-link-color has-small-font-size wp-elements-69b6e74f2f86cb70f5ff6fba184474d2\">Phil Bosmans<\/p>\n\n\n\n<hr class=\"wp-block-separator has-alpha-channel-opacity\"\/>\n\n\n\n<p class=\"has-accent-1-color has-text-color has-link-color has-medium-font-size wp-elements-a6dfc919aface8879a47b5caebd86ad1\"><em><strong>O VZVI\u0160ENI IN VELI\u010cASTNI BOG,razsvetli temine mojega srca. Daj mi pravo vero, trdno upanje in popolno ljubezen, razumnost in spoznanje, o Gospod, da se bom dr\u017eal tvoje svete in resni\u010dne zapovedi. Amen.<\/strong><\/em><\/p>\n\n\n\n<p class=\"has-text-align-right has-accent-1-color has-text-color has-link-color has-small-font-size wp-elements-25dd56d22189e8a06173c3d09ca36d9c\">sv. Fran\u010di\u0161ek Asi\u0161ki<\/p>\n\n\n\n<hr class=\"wp-block-separator has-alpha-channel-opacity\"\/>\n\n\n\n<p class=\"has-text-align-center has-accent-1-color has-text-color has-link-color has-medium-font-size wp-elements-b8015a7d11c73b27d40d46d768a131f5\"><strong>VA\u0160I DAROVI:<\/strong><br>I. nab.:\u00a0402\u00a0$; II. nab.:\u00a0265\u00a0$; kuvertice: 70 $.\u00a0<br><strong>Bog povrni vsem dobrotnikom in sodelavcem.<\/strong><\/p>\n\n\n\n<p class=\"has-text-align-center has-accent-1-color has-text-color has-link-color has-medium-font-size wp-elements-0f450937bad55cb0551259a9bfa07e04\"><\/p>\n","protected":false},"excerpt":{"rendered":"<p>5. VELIKONO\u010cNA NEDELJA MA\u0160NI NAMENI: KEW ob 10. uri: za + p. BAZILIJA, + sestre ter \u017eive in + \u010dlanice DSE (Dru\u0161tvo sv. Eme);\u00a0SPOMINI: za mir v svetu, \u0161e posebno na Bli\u017enjem vzhodu in v Ukrajini (Nicholas J. Sorenson);\u00a0za + o\u010deta JO\u017dETA SLAVCA, 28. obl. (sin Aleksander z dru\u017eino); za vse + brate in sestre [&hellip;]<\/p>\n","protected":false},"author":2,"featured_media":322,"comment_status":"closed","ping_status":"open","sticky":false,"template":"kew","format":"standard","meta":{"advanced_seo_description":"","jetpack_seo_html_title":"","jetpack_seo_noindex":false,"_jetpack_memberships_contains_paid_content":false,"footnotes":"","jetpack_publicize_message":"","jetpack_publicize_feature_enabled":true,"jetpack_social_post_already_shared":true,"jetpack_social_options":{"image_generator_settings":{"template":"highway","default_image_id":0,"font":"","enabled":false},"version":2}},"categories":[18,16,5],"tags":[],"class_list":["post-1613","post","type-post","status-publish","format-standard","has-post-thumbnail","hentry","category-arhiva-oznanil-2026","category-kew-melbourne","category-misijoni"],"jetpack_publicize_connections":[],"jetpack_featured_media_url":"https:\/\/glasslovenije.com.au\/wp\/wp-content\/uploads\/2025\/09\/cerkevKew_2010.jpg","jetpack_sharing_enabled":true,"_links":{"self":[{"href":"https:\/\/glasslovenije.com.au\/wp\/wp-json\/wp\/v2\/posts\/1613","targetHints":{"allow":["GET"]}}],"collection":[{"href":"https:\/\/glasslovenije.com.au\/wp\/wp-json\/wp\/v2\/posts"}],"about":[{"href":"https:\/\/glasslovenije.com.au\/wp\/wp-json\/wp\/v2\/types\/post"}],"author":[{"embeddable":true,"href":"https:\/\/glasslovenije.com.au\/wp\/wp-json\/wp\/v2\/users\/2"}],"replies":[{"embeddable":true,"href":"https:\/\/glasslovenije.com.au\/wp\/wp-json\/wp\/v2\/comments?post=1613"}],"version-history":[{"count":1,"href":"https:\/\/glasslovenije.com.au\/wp\/wp-json\/wp\/v2\/posts\/1613\/revisions"}],"predecessor-version":[{"id":1616,"href":"https:\/\/glasslovenije.com.au\/wp\/wp-json\/wp\/v2\/posts\/1613\/revisions\/1616"}],"wp:featuredmedia":[{"embeddable":true,"href":"https:\/\/glasslovenije.com.au\/wp\/wp-json\/wp\/v2\/media\/322"}],"wp:attachment":[{"href":"https:\/\/glasslovenije.com.au\/wp\/wp-json\/wp\/v2\/media?parent=1613"}],"wp:term":[{"taxonomy":"category","embeddable":true,"href":"https:\/\/glasslovenije.com.au\/wp\/wp-json\/wp\/v2\/categories?post=1613"},{"taxonomy":"post_tag","embeddable":true,"href":"https:\/\/glasslovenije.com.au\/wp\/wp-json\/wp\/v2\/tags?post=1613"}],"curies":[{"name":"wp","href":"https:\/\/api.w.org\/{rel}","templated":true}]}}